{"id":222389,"date":"2020-08-13T14:38:44","date_gmt":"2020-08-13T13:38:44","guid":{"rendered":"https:\/\/admir-cafes.ch\/?p=222389"},"modified":"2020-08-14T13:03:19","modified_gmt":"2020-08-14T12:03:19","slug":"cafe-numero-6-en-degustation-chez-prodega-a-saint-blaise","status":"publish","type":"post","link":"https:\/\/admir-cafes.ch\/index.php\/2020\/08\/13\/cafe-numero-6-en-degustation-chez-prodega-a-saint-blaise\/","title":{"rendered":"Caf\u00e9 Num\u00e9ro  6 en d\u00e9gustation chez PRODEGA \u00e0 Saint-Blaise"},"content":{"rendered":"<p><\/p><h2 class=\"wp-block-heading\">Non seulement de nouvelles vari\u00e9t\u00e9s mais \u00e9galement un nouveau design.<\/h2><p>D\u00e9sormais les paquets de caf\u00e9 en grains 1kg  sont disponibles  sur notre Boutique en ligne !<\/p><ul class=\"wp-block-list\"><li>N6<\/li><li>EROS<\/li><li>N9<\/li><li>BIO<\/li><li>VIP PREMIUM<\/li><li>RISTRETTO<\/li><\/ul><p>Pour plus d&rsquo;information : contacter l&rsquo;espace boutique Admir. Nous nous ferons un plaisir de vous renseigner et surtout de vous le faire d\u00e9guster.<\/p><p><br><a href=\"tel:+41325351078\">+41 (0)32 535 10 78<\/a><br><a href=\"mailto:info@admir-cafes.ch\">info@admir-cafes.ch<\/a><\/p>","protected":false},"excerpt":{"rendered":"<p>Le d\u00e9guster, c&rsquo;est l&rsquo;adopter !<\/p>\n","protected":false},"author":1,"featured_media":222452,"comment_status":"closed","ping_status":"closed","sticky":false,"template":"","format":"standard","meta":{"_et_pb_use_builder":"off","_et_pb_old_content":"<!-- wp:paragraph -->\n<p><\/p>\n<!-- \/wp:paragraph -->\n\n<!-- wp:heading -->\n<h2>Non seulement de nouvelles vari\u00e9t\u00e9s mais \u00e9galement un nouveau design.<\/h2>\n<!-- \/wp:heading -->\n\n<!-- wp:paragraph -->\n<p>D\u00e9sormais les paquets de caf\u00e9 en grains 1kg  sont disponibles  sur notre Boutique en ligne !<\/p>\n<!-- \/wp:paragraph -->\n\n<!-- wp:list -->\n<ul><li>N6<\/li><li>EROS<\/li><li>N9<\/li><li>BIO<\/li><li>VIP PREMIUM<\/li><li>RISTRETTO<\/li><\/ul>\n<!-- \/wp:list -->\n\n<!-- wp:paragraph -->\n<p>Pour plus d'information : contacter l'espace boutique Admir. Nous nous ferons un plaisir de vous renseigner et surtout de vous le faire d\u00e9guster.<\/p>\n<!-- \/wp:paragraph -->\n\n<!-- wp:paragraph -->\n<p><br><a href=\"tel:+41325351078\">+41 (0)32 535 10 78<\/a><br><a href=\"mailto:info@admir-cafes.ch\">info@admir-cafes.ch<\/a><\/p>\n<!-- \/wp:paragraph -->","_et_gb_content_width":"1080","footnotes":""},"categories":[40],"tags":[],"class_list":["post-222389","post","type-post","status-publish","format-standard","has-post-thumbnail","hentry","category-news"],"_links":{"self":[{"href":"https:\/\/admir-cafes.ch\/index.php\/wp-json\/wp\/v2\/posts\/222389"}],"collection":[{"href":"https:\/\/admir-cafes.ch\/index.php\/wp-json\/wp\/v2\/posts"}],"about":[{"href":"https:\/\/admir-cafes.ch\/index.php\/wp-json\/wp\/v2\/types\/post"}],"author":[{"embeddable":true,"href":"https:\/\/admir-cafes.ch\/index.php\/wp-json\/wp\/v2\/users\/1"}],"replies":[{"embeddable":true,"href":"https:\/\/admir-cafes.ch\/index.php\/wp-json\/wp\/v2\/comments?post=222389"}],"version-history":[{"count":0,"href":"https:\/\/admir-cafes.ch\/index.php\/wp-json\/wp\/v2\/posts\/222389\/revisions"}],"wp:featuredmedia":[{"embeddable":true,"href":"https:\/\/admir-cafes.ch\/index.php\/wp-json\/wp\/v2\/media\/222452"}],"wp:attachment":[{"href":"https:\/\/admir-cafes.ch\/index.php\/wp-json\/wp\/v2\/media?parent=222389"}],"wp:term":[{"taxonomy":"category","embeddable":true,"href":"https:\/\/admir-cafes.ch\/index.php\/wp-json\/wp\/v2\/categories?post=222389"},{"taxonomy":"post_tag","embeddable":true,"href":"https:\/\/admir-cafes.ch\/index.php\/wp-json\/wp\/v2\/tags?post=222389"}],"curies":[{"name":"wp","href":"https:\/\/api.w.org\/{rel}","templated":true}]}}