{"id":222322,"date":"2020-07-10T15:11:25","date_gmt":"2020-07-10T14:11:25","guid":{"rendered":"https:\/\/admir-cafes.ch\/?p=222322"},"modified":"2020-08-13T14:41:20","modified_gmt":"2020-08-13T13:41:20","slug":"nouvelle-variete-de-cafe-disponible-en-paquet-de-1kg","status":"publish","type":"post","link":"https:\/\/admir-cafes.ch\/index.php\/2020\/07\/10\/nouvelle-variete-de-cafe-disponible-en-paquet-de-1kg\/","title":{"rendered":"Nouvelle vari\u00e9t\u00e9 de caf\u00e9 disponible en Paquet de 1kg"},"content":{"rendered":"<h2 class=\"wp-block-heading\">Non seulement de nouvelles vari\u00e9t\u00e9s mais \u00e9galement un nouveau design.<\/h2><p>D\u00e9sormais les paquets de caf\u00e9 en grains 1kg  sont disponibles  ! <br>Voici la liste des produits concern\u00e9s :<\/p><ul class=\"wp-block-list\"><li>EROS<\/li><li>N9<\/li><li>N6<\/li><li>BIO<\/li><li>VIP PREMIUM<\/li><li>RISTRETTO<\/li><\/ul><p>Commandez d\u00e8s maintenant  et savourez un excellent caf\u00e9 torr\u00e9fi\u00e9 artisanalement et en famille.<\/p><p>Pour plus d&rsquo;information : contacter l&rsquo;espace boutique Admir. Nous nous ferons un plaisir de vous renseigner et surtout de vous le faire d\u00e9guster.<\/p><p><br><a href=\"tel:+41325351078\">+41 (0)32 535 10 78<\/a><br><a href=\"mailto:info@admir-cafes.ch\">info@admir-cafes.ch<\/a><\/p>","protected":false},"excerpt":{"rendered":"<p>Laissez-vous tenter et d\u00e9gustez-les !<\/p>\n","protected":false},"author":1,"featured_media":222329,"comment_status":"closed","ping_status":"closed","sticky":false,"template":"","format":"standard","meta":{"_et_pb_use_builder":"","_et_pb_old_content":"","_et_gb_content_width":"1080","footnotes":""},"categories":[40],"tags":[],"class_list":["post-222322","post","type-post","status-publish","format-standard","has-post-thumbnail","hentry","category-news"],"_links":{"self":[{"href":"https:\/\/admir-cafes.ch\/index.php\/wp-json\/wp\/v2\/posts\/222322"}],"collection":[{"href":"https:\/\/admir-cafes.ch\/index.php\/wp-json\/wp\/v2\/posts"}],"about":[{"href":"https:\/\/admir-cafes.ch\/index.php\/wp-json\/wp\/v2\/types\/post"}],"author":[{"embeddable":true,"href":"https:\/\/admir-cafes.ch\/index.php\/wp-json\/wp\/v2\/users\/1"}],"replies":[{"embeddable":true,"href":"https:\/\/admir-cafes.ch\/index.php\/wp-json\/wp\/v2\/comments?post=222322"}],"version-history":[{"count":0,"href":"https:\/\/admir-cafes.ch\/index.php\/wp-json\/wp\/v2\/posts\/222322\/revisions"}],"wp:featuredmedia":[{"embeddable":true,"href":"https:\/\/admir-cafes.ch\/index.php\/wp-json\/wp\/v2\/media\/222329"}],"wp:attachment":[{"href":"https:\/\/admir-cafes.ch\/index.php\/wp-json\/wp\/v2\/media?parent=222322"}],"wp:term":[{"taxonomy":"category","embeddable":true,"href":"https:\/\/admir-cafes.ch\/index.php\/wp-json\/wp\/v2\/categories?post=222322"},{"taxonomy":"post_tag","embeddable":true,"href":"https:\/\/admir-cafes.ch\/index.php\/wp-json\/wp\/v2\/tags?post=222322"}],"curies":[{"name":"wp","href":"https:\/\/api.w.org\/{rel}","templated":true}]}}